{"id":32544,"date":"2023-08-22T14:13:19","date_gmt":"2023-08-22T14:13:19","guid":{"rendered":"https:\/\/fundacionlazaro.es\/lazaro-al-cami-de-sant-jaume-2023\/"},"modified":"2023-09-20T10:33:44","modified_gmt":"2023-09-20T10:33:44","slug":"lazaro-al-cami-de-sant-jaume-2023","status":"publish","type":"post","link":"https:\/\/fundacionlazaro.es\/ca\/lazaro-al-cami-de-sant-jaume-2023\/","title":{"rendered":"L\u00e1zaro al Cam\u00ed de Sant Jaume 2023"},"content":{"rendered":"\n<h2 class=\"wp-block-heading\">Es fa cam\u00ed en caminar<\/h2>\n\n<div class=\"wp-block-media-text alignwide is-stacked-on-mobile\"><figure class=\"wp-block-media-text__media\"><img loading=\"lazy\" decoding=\"async\" width=\"768\" height=\"1024\" src=\"https:\/\/fundacionlazaro.es\/wp-content\/uploads\/sites\/7\/2023\/08\/WhatsApp-Image-2023-08-17-at-13.51.15-768x1024.jpeg\" alt=\"\" class=\"wp-image-32485 size-full\" srcset=\"https:\/\/fundacionlazaro.es\/wp-content\/uploads\/sites\/7\/2023\/08\/WhatsApp-Image-2023-08-17-at-13.51.15-768x1024.jpeg 768w, https:\/\/fundacionlazaro.es\/wp-content\/uploads\/sites\/7\/2023\/08\/WhatsApp-Image-2023-08-17-at-13.51.15-225x300.jpeg 225w, https:\/\/fundacionlazaro.es\/wp-content\/uploads\/sites\/7\/2023\/08\/WhatsApp-Image-2023-08-17-at-13.51.15-1152x1536.jpeg 1152w, https:\/\/fundacionlazaro.es\/wp-content\/uploads\/sites\/7\/2023\/08\/WhatsApp-Image-2023-08-17-at-13.51.15.jpeg 1536w\" sizes=\"auto, (max-width: 768px) 100vw, 768px\" \/><\/figure><div class=\"wp-block-media-text__content\">\n<p>Un grup de trenta persones de diferents llocs i situacions <strong>partim de Lugo cap a Santiago de Compostel\u00b7la<\/strong> amb un objectiu en com\u00fa: compartir la vida, la hist\u00f2ria i les experi\u00e8ncies de cadasc\u00fa per aprendre a ser m\u00e9s humans.<\/p>\n\n\n\n<p><\/p>\n\n\n\n<p>Hem caminat buscant la trobada, aut\u00e8ntica i profunda. En silenci i en companyia, cantant, ballant i carregant amb el pes dels que m\u00e9s ho necessitaven. Escoltant no nom\u00e9s el nostre propi ritme, sin\u00f3 tamb\u00e9 el dels altres. Sent suport i permetent ser sostinguts per altres.<\/p>\n\n\n\n<p><\/p>\n\n\n\n<p>Ha estat <strong>una oportunitat per enfrontar de front les nostres pors, debilitats, per\u00f2 tamb\u00e9 fortaleses i capacitats<\/strong>. Un moment per aprofundir en qui som, qu\u00e8 busquem, cap on anem i quines empremtes estem deixant amb la vida que portem. Una oportunitat per pensar en totes aquelles persones que han estat com &#8220;fletxes grogues&#8221; a la nostra vida. Aquelles que ens han ajudat a transcendir el que \u00e9s superficial, que ens han motivat a ser millors persones. Persones que ens han inspirat i que, pel cam\u00ed, tornen als nostres cors. Tamb\u00e9 han estat dies de reconciliaci\u00f3 i agra\u00efment.<\/p>\n<\/div><\/div>\n\n<h2 class=\"wp-block-heading\">El dia a dia del cam\u00ed solidari<\/h2>\n\n<figure class=\"wp-block-gallery columns-1 is-cropped wp-block-gallery-1 is-layout-flex wp-block-gallery-is-layout-flex\"><ul class=\"blocks-gallery-grid\"><li class=\"blocks-gallery-item\"><figure><img loading=\"lazy\" decoding=\"async\" width=\"1024\" height=\"768\" src=\"https:\/\/fundacionlazaro.es\/wp-content\/uploads\/sites\/7\/2023\/08\/WhatsApp-Image-2023-08-17-at-13.04.40.jpeg\" alt=\"\" data-id=\"32486\" class=\"wp-image-32487\" srcset=\"https:\/\/fundacionlazaro.es\/wp-content\/uploads\/sites\/7\/2023\/08\/WhatsApp-Image-2023-08-17-at-13.04.40.jpeg 1024w, https:\/\/fundacionlazaro.es\/wp-content\/uploads\/sites\/7\/2023\/08\/WhatsApp-Image-2023-08-17-at-13.04.40-300x225.jpeg 300w, https:\/\/fundacionlazaro.es\/wp-content\/uploads\/sites\/7\/2023\/08\/WhatsApp-Image-2023-08-17-at-13.04.40-768x576.jpeg 768w\" sizes=\"auto, (max-width: 1024px) 100vw, 1024px\" \/><figcaption class=\"blocks-gallery-item__caption\">Tot l&#8217;equip de caminants en aquest Cam\u00ed de Sant Jaume 2023<\/figcaption><\/figure><\/li><\/ul><\/figure>\n\n<p>Comencem d&#8217;hora, esmorzem al lloc i estem a punt per emprendre el cam\u00ed. Quan tot el grup est\u00e0 preparat, comen\u00e7a l&#8217;aventura. Alguns membres ens conviden a una reflexi\u00f3 que ens acompanyar\u00e0 durant el dia. Ells la preparen el dia anterior i comparteixen el seu punt de vista, deixant-nos alguna pregunta amb qu\u00e8 pensar.<\/p>\n\n<p>Tots porten un paper on podran continuar aprofundint en aquests temes, i cadasc\u00fa comen\u00e7a a caminar en silenci. Aix\u00ed anem, al llarg d&#8217;una hora, estant disposats a escoltar all\u00f2 que la Natura i D\u00e9u ens volen dir, escoltant dins nostre i de manera profunda.<\/p>\n\n<p>Despr\u00e9s ens reunim tots i tornem a compartir un poema o reflexi\u00f3 que llegim de manera conjunta. M\u00e9s tard seguim caminant, ara s\u00ed, amb un desafiament propi de cada jornada, ens disposem a conversar amb els nostres companys de cam\u00ed. Vides molt diferents, moltes desconegudes, per\u00f2 que pel cam\u00ed es converteixen en vides germanes, i que ens ensenyen molt a trav\u00e9s dels seus testimonis, consells i reflexions. Despr\u00e9s parem a dinar si hem de rec\u00f3rrer molts quil\u00f2metres. Fer-ne 30 de seguits no \u00e9s tan senzill. Recarguem forces. I algun entrep\u00e0 ens renova. Altres vegades arribem primer a l&#8217;alberg i despr\u00e9s preparem alguna cosa entre tots. Sempre junts, sempre ajudant-nos m\u00fatuament. Aqu\u00ed tots som protagonistes i responsables del nostre cam\u00ed.<\/p>\n\n<figure class=\"wp-block-gallery columns-1 is-cropped wp-block-gallery-2 is-layout-flex wp-block-gallery-is-layout-flex\"><ul class=\"blocks-gallery-grid\"><li class=\"blocks-gallery-item\"><figure><img loading=\"lazy\" decoding=\"async\" width=\"1024\" height=\"768\" src=\"https:\/\/fundacionlazaro.es\/wp-content\/uploads\/sites\/7\/2023\/08\/WhatsApp-Image-2023-08-17-at-13.04.19.jpeg\" alt=\"\" data-id=\"32488\" class=\"wp-image-32489\" srcset=\"https:\/\/fundacionlazaro.es\/wp-content\/uploads\/sites\/7\/2023\/08\/WhatsApp-Image-2023-08-17-at-13.04.19.jpeg 1024w, https:\/\/fundacionlazaro.es\/wp-content\/uploads\/sites\/7\/2023\/08\/WhatsApp-Image-2023-08-17-at-13.04.19-300x225.jpeg 300w, https:\/\/fundacionlazaro.es\/wp-content\/uploads\/sites\/7\/2023\/08\/WhatsApp-Image-2023-08-17-at-13.04.19-768x576.jpeg 768w\" sizes=\"auto, (max-width: 1024px) 100vw, 1024px\" \/><figcaption class=\"blocks-gallery-item__caption\">Ens reunim al final de cada jornada<\/figcaption><\/figure><\/li><\/ul><\/figure>\n\n<p>M\u00e9s tard, arriba el moment de la dutxa i la petita migdiada. Altres decideixen anar a caminar i rec\u00f3rrer pobles o ciutats. Cap a les 18 o 19 hores ens ajuntem i ens dividim en grups per compartir all\u00f2 viscut. Reflexionem sobre el nostre cam\u00ed, per\u00f2 tamb\u00e9 sobre all\u00f2 que aquest reflecteix de la nostra vida.<\/p>\n\n<p>Parlem del nostre equipatge, de com avan\u00e7ar a la vida, de les nostres limitacions i capacitats. Un altre dia, ens toca enfrontar les nostres pors, fer-los front i pensar tamb\u00e9 en els nostres companys de vida.<\/p>\n\n<p>Hem revisat les nostres metes, personals i col\u00b7lectives, i dia a dia hem aprofundit m\u00e9s en aquestes realitats compartides. Despr\u00e9s arriba l&#8217;hora de sopar i ho fem en gran. Compartim unes pizzes o un pop a la gallega, entre d&#8217;altres coses.<\/p>\n\n<p>I sense deixar passar gaire temps, cadasc\u00fa va a la seva llitera, esperant dormir i recuperar-se per al dia seg\u00fcent.<\/p>\n\n<figure class=\"wp-block-gallery columns-1 is-cropped wp-block-gallery-3 is-layout-flex wp-block-gallery-is-layout-flex\"><ul class=\"blocks-gallery-grid\"><li class=\"blocks-gallery-item\"><figure><img loading=\"lazy\" decoding=\"async\" width=\"1024\" height=\"768\" src=\"https:\/\/fundacionlazaro.es\/wp-content\/uploads\/sites\/7\/2023\/08\/WhatsApp-Image-2023-08-17-at-13.51.12-1024x768.jpeg\" alt=\"\" data-id=\"32482\" class=\"wp-image-32483\" srcset=\"https:\/\/fundacionlazaro.es\/wp-content\/uploads\/sites\/7\/2023\/08\/WhatsApp-Image-2023-08-17-at-13.51.12-1024x768.jpeg 1024w, https:\/\/fundacionlazaro.es\/wp-content\/uploads\/sites\/7\/2023\/08\/WhatsApp-Image-2023-08-17-at-13.51.12-300x225.jpeg 300w, https:\/\/fundacionlazaro.es\/wp-content\/uploads\/sites\/7\/2023\/08\/WhatsApp-Image-2023-08-17-at-13.51.12-768x576.jpeg 768w, https:\/\/fundacionlazaro.es\/wp-content\/uploads\/sites\/7\/2023\/08\/WhatsApp-Image-2023-08-17-at-13.51.12-1536x1152.jpeg 1536w, https:\/\/fundacionlazaro.es\/wp-content\/uploads\/sites\/7\/2023\/08\/WhatsApp-Image-2023-08-17-at-13.51.12.jpeg 2048w\" sizes=\"auto, (max-width: 1024px) 100vw, 1024px\" \/><figcaption class=\"blocks-gallery-item__caption\">Susi i Carlos en un moment del cam\u00ed<\/figcaption><\/figure><\/li><\/ul><\/figure>\n","protected":false},"excerpt":{"rendered":"<p>Es fa cam\u00ed en caminar Un grup de trenta persones [&hellip;]<\/p>\n","protected":false},"author":81,"featured_media":32483,"comment_status":"closed","ping_status":"closed","sticky":false,"template":"","format":"standard","meta":{"_acf_changed":false,"gtb_hide_title":false,"gtb_wrap_title":false,"gtb_class_title":"","gtb_remove_headerfooter":false,"gtb_custom_css":"","footnotes":""},"categories":[34],"tags":[],"class_list":["post-32544","post","type-post","status-publish","format-standard","has-post-thumbnail","hentry","category-actualitat-ca"],"acf":[],"yoast_head":"<!-- This site is optimized with the Yoast SEO plugin v27.3 - https:\/\/yoast.com\/product\/yoast-seo-wordpress\/ -->\n<title>L\u00e1zaro al Cam\u00ed de Sant Jaume 2023 - L\u00e1zaro Espa\u00f1a<\/title>\n<meta name=\"description\" content=\"Un grup de trenta persones de diferents llocs i situacions partim de Lugo cap a Santiago de Compostel\u00b7la amb un objectiu en com\u00fa: compartir la vida, la hist\u00f2ria i les experi\u00e8ncies de cadasc\u00fa per aprendre a ser m\u00e9s humans.\" \/>\n<meta name=\"robots\" content=\"index, follow, max-snippet:-1, max-image-preview:large, max-video-preview:-1\" \/>\n<link rel=\"canonical\" href=\"https:\/\/fundacionlazaro.es\/ca\/lazaro-al-cami-de-sant-jaume-2023\/\" \/>\n<meta property=\"og:locale\" content=\"ca_ES\" \/>\n<meta property=\"og:type\" content=\"article\" \/>\n<meta property=\"og:title\" content=\"L\u00e1zaro al Cam\u00ed de Sant Jaume 2023 - L\u00e1zaro Espa\u00f1a\" \/>\n<meta property=\"og:description\" content=\"Un grup de trenta persones de diferents llocs i situacions partim de Lugo cap a Santiago de Compostel\u00b7la amb un objectiu en com\u00fa: compartir la vida, la hist\u00f2ria i les experi\u00e8ncies de cadasc\u00fa per aprendre a ser m\u00e9s humans.\" \/>\n<meta property=\"og:url\" content=\"https:\/\/fundacionlazaro.es\/ca\/lazaro-al-cami-de-sant-jaume-2023\/\" \/>\n<meta property=\"og:site_name\" content=\"L\u00e1zaro Espa\u00f1a\" \/>\n<meta property=\"article:published_time\" content=\"2023-08-22T14:13:19+00:00\" \/>\n<meta property=\"article:modified_time\" content=\"2023-09-20T10:33:44+00:00\" \/>\n<meta property=\"og:image\" content=\"https:\/\/fundacionlazaro.es\/wp-content\/uploads\/sites\/7\/2023\/08\/WhatsApp-Image-2023-08-17-at-13.51.12.jpeg\" \/>\n\t<meta property=\"og:image:width\" content=\"2048\" \/>\n\t<meta property=\"og:image:height\" content=\"1536\" \/>\n\t<meta property=\"og:image:type\" content=\"image\/jpeg\" \/>\n<meta name=\"author\" content=\"Bernab\u00e9 Villallba\" \/>\n<meta name=\"twitter:card\" content=\"summary_large_image\" \/>\n<meta name=\"twitter:label1\" content=\"Escrit per\" \/>\n\t<meta name=\"twitter:data1\" content=\"Bernab\u00e9 Villallba\" \/>\n\t<meta name=\"twitter:label2\" content=\"Temps estimat de lectura\" \/>\n\t<meta name=\"twitter:data2\" content=\"3 minuts\" \/>\n<script type=\"application\/ld+json\" class=\"yoast-schema-graph\">{\"@context\":\"https:\\\/\\\/schema.org\",\"@graph\":[{\"@type\":\"Article\",\"@id\":\"https:\\\/\\\/fundacionlazaro.es\\\/ca\\\/lazaro-al-cami-de-sant-jaume-2023\\\/#article\",\"isPartOf\":{\"@id\":\"https:\\\/\\\/fundacionlazaro.es\\\/ca\\\/lazaro-al-cami-de-sant-jaume-2023\\\/\"},\"author\":{\"name\":\"Bernab\u00e9 Villallba\",\"@id\":\"https:\\\/\\\/fundacionlazaro.es\\\/ca\\\/#\\\/schema\\\/person\\\/1a7f9025e95e78665d7def65add709ad\"},\"headline\":\"L\u00e1zaro al Cam\u00ed de Sant Jaume 2023\",\"datePublished\":\"2023-08-22T14:13:19+00:00\",\"dateModified\":\"2023-09-20T10:33:44+00:00\",\"mainEntityOfPage\":{\"@id\":\"https:\\\/\\\/fundacionlazaro.es\\\/ca\\\/lazaro-al-cami-de-sant-jaume-2023\\\/\"},\"wordCount\":624,\"publisher\":{\"@id\":\"https:\\\/\\\/fundacionlazaro.es\\\/ca\\\/#organization\"},\"image\":{\"@id\":\"https:\\\/\\\/fundacionlazaro.es\\\/ca\\\/lazaro-al-cami-de-sant-jaume-2023\\\/#primaryimage\"},\"thumbnailUrl\":\"https:\\\/\\\/fundacionlazaro.es\\\/wp-content\\\/uploads\\\/sites\\\/7\\\/2023\\\/08\\\/WhatsApp-Image-2023-08-17-at-13.51.12.jpeg\",\"articleSection\":[\"Actualitat\"],\"inLanguage\":\"ca\"},{\"@type\":\"WebPage\",\"@id\":\"https:\\\/\\\/fundacionlazaro.es\\\/ca\\\/lazaro-al-cami-de-sant-jaume-2023\\\/\",\"url\":\"https:\\\/\\\/fundacionlazaro.es\\\/ca\\\/lazaro-al-cami-de-sant-jaume-2023\\\/\",\"name\":\"L\u00e1zaro al Cam\u00ed de Sant Jaume 2023 - L\u00e1zaro Espa\u00f1a\",\"isPartOf\":{\"@id\":\"https:\\\/\\\/fundacionlazaro.es\\\/ca\\\/#website\"},\"primaryImageOfPage\":{\"@id\":\"https:\\\/\\\/fundacionlazaro.es\\\/ca\\\/lazaro-al-cami-de-sant-jaume-2023\\\/#primaryimage\"},\"image\":{\"@id\":\"https:\\\/\\\/fundacionlazaro.es\\\/ca\\\/lazaro-al-cami-de-sant-jaume-2023\\\/#primaryimage\"},\"thumbnailUrl\":\"https:\\\/\\\/fundacionlazaro.es\\\/wp-content\\\/uploads\\\/sites\\\/7\\\/2023\\\/08\\\/WhatsApp-Image-2023-08-17-at-13.51.12.jpeg\",\"datePublished\":\"2023-08-22T14:13:19+00:00\",\"dateModified\":\"2023-09-20T10:33:44+00:00\",\"description\":\"Un grup de trenta persones de diferents llocs i situacions partim de Lugo cap a Santiago de Compostel\u00b7la amb un objectiu en com\u00fa: compartir la vida, la hist\u00f2ria i les experi\u00e8ncies de cadasc\u00fa per aprendre a ser m\u00e9s humans.\",\"breadcrumb\":{\"@id\":\"https:\\\/\\\/fundacionlazaro.es\\\/ca\\\/lazaro-al-cami-de-sant-jaume-2023\\\/#breadcrumb\"},\"inLanguage\":\"ca\",\"potentialAction\":[{\"@type\":\"ReadAction\",\"target\":[\"https:\\\/\\\/fundacionlazaro.es\\\/ca\\\/lazaro-al-cami-de-sant-jaume-2023\\\/\"]}]},{\"@type\":\"ImageObject\",\"inLanguage\":\"ca\",\"@id\":\"https:\\\/\\\/fundacionlazaro.es\\\/ca\\\/lazaro-al-cami-de-sant-jaume-2023\\\/#primaryimage\",\"url\":\"https:\\\/\\\/fundacionlazaro.es\\\/wp-content\\\/uploads\\\/sites\\\/7\\\/2023\\\/08\\\/WhatsApp-Image-2023-08-17-at-13.51.12.jpeg\",\"contentUrl\":\"https:\\\/\\\/fundacionlazaro.es\\\/wp-content\\\/uploads\\\/sites\\\/7\\\/2023\\\/08\\\/WhatsApp-Image-2023-08-17-at-13.51.12.jpeg\",\"width\":2048,\"height\":1536},{\"@type\":\"BreadcrumbList\",\"@id\":\"https:\\\/\\\/fundacionlazaro.es\\\/ca\\\/lazaro-al-cami-de-sant-jaume-2023\\\/#breadcrumb\",\"itemListElement\":[{\"@type\":\"ListItem\",\"position\":1,\"name\":\"BIENVENIDA\",\"item\":\"https:\\\/\\\/fundacionlazaro.es\\\/ca\\\/\"},{\"@type\":\"ListItem\",\"position\":2,\"name\":\"L\u00e1zaro al Cam\u00ed de Sant Jaume 2023\"}]},{\"@type\":\"WebSite\",\"@id\":\"https:\\\/\\\/fundacionlazaro.es\\\/ca\\\/#website\",\"url\":\"https:\\\/\\\/fundacionlazaro.es\\\/ca\\\/\",\"name\":\"L\u00e1zaro Espa\u00f1a\",\"description\":\"Vivir juntos, tan simple como esto\",\"publisher\":{\"@id\":\"https:\\\/\\\/fundacionlazaro.es\\\/ca\\\/#organization\"},\"potentialAction\":[{\"@type\":\"SearchAction\",\"target\":{\"@type\":\"EntryPoint\",\"urlTemplate\":\"https:\\\/\\\/fundacionlazaro.es\\\/ca\\\/?s={search_term_string}\"},\"query-input\":{\"@type\":\"PropertyValueSpecification\",\"valueRequired\":true,\"valueName\":\"search_term_string\"}}],\"inLanguage\":\"ca\"},{\"@type\":\"Organization\",\"@id\":\"https:\\\/\\\/fundacionlazaro.es\\\/ca\\\/#organization\",\"name\":\"L\u00e1zaro Espa\u00f1a\",\"url\":\"https:\\\/\\\/fundacionlazaro.es\\\/ca\\\/\",\"logo\":{\"@type\":\"ImageObject\",\"inLanguage\":\"ca\",\"@id\":\"https:\\\/\\\/fundacionlazaro.es\\\/ca\\\/#\\\/schema\\\/logo\\\/image\\\/\",\"url\":\"https:\\\/\\\/fundacionlazaro.es\\\/wp-content\\\/uploads\\\/sites\\\/7\\\/2022\\\/03\\\/lazaro-mexico-logo-white.svg\",\"contentUrl\":\"https:\\\/\\\/fundacionlazaro.es\\\/wp-content\\\/uploads\\\/sites\\\/7\\\/2022\\\/03\\\/lazaro-mexico-logo-white.svg\",\"width\":1,\"height\":1,\"caption\":\"L\u00e1zaro Espa\u00f1a\"},\"image\":{\"@id\":\"https:\\\/\\\/fundacionlazaro.es\\\/ca\\\/#\\\/schema\\\/logo\\\/image\\\/\"}},{\"@type\":\"Person\",\"@id\":\"https:\\\/\\\/fundacionlazaro.es\\\/ca\\\/#\\\/schema\\\/person\\\/1a7f9025e95e78665d7def65add709ad\",\"name\":\"Bernab\u00e9 Villallba\",\"image\":{\"@type\":\"ImageObject\",\"inLanguage\":\"ca\",\"@id\":\"https:\\\/\\\/secure.gravatar.com\\\/avatar\\\/b1f8bc49b386ea38ddfcb04c2a6361b3096009b1323a8bf067c4698b3f57116d?s=96&d=mm&r=g\",\"url\":\"https:\\\/\\\/secure.gravatar.com\\\/avatar\\\/b1f8bc49b386ea38ddfcb04c2a6361b3096009b1323a8bf067c4698b3f57116d?s=96&d=mm&r=g\",\"contentUrl\":\"https:\\\/\\\/secure.gravatar.com\\\/avatar\\\/b1f8bc49b386ea38ddfcb04c2a6361b3096009b1323a8bf067c4698b3f57116d?s=96&d=mm&r=g\",\"caption\":\"Bernab\u00e9 Villallba\"},\"url\":\"https:\\\/\\\/fundacionlazaro.es\\\/ca\\\/author\\\/bernabe\\\/\"}]}<\/script>\n<!-- \/ Yoast SEO plugin. -->","yoast_head_json":{"title":"L\u00e1zaro al Cam\u00ed de Sant Jaume 2023 - L\u00e1zaro Espa\u00f1a","description":"Un grup de trenta persones de diferents llocs i situacions partim de Lugo cap a Santiago de Compostel\u00b7la amb un objectiu en com\u00fa: compartir la vida, la hist\u00f2ria i les experi\u00e8ncies de cadasc\u00fa per aprendre a ser m\u00e9s humans.","robots":{"index":"index","follow":"follow","max-snippet":"max-snippet:-1","max-image-preview":"max-image-preview:large","max-video-preview":"max-video-preview:-1"},"canonical":"https:\/\/fundacionlazaro.es\/ca\/lazaro-al-cami-de-sant-jaume-2023\/","og_locale":"ca_ES","og_type":"article","og_title":"L\u00e1zaro al Cam\u00ed de Sant Jaume 2023 - L\u00e1zaro Espa\u00f1a","og_description":"Un grup de trenta persones de diferents llocs i situacions partim de Lugo cap a Santiago de Compostel\u00b7la amb un objectiu en com\u00fa: compartir la vida, la hist\u00f2ria i les experi\u00e8ncies de cadasc\u00fa per aprendre a ser m\u00e9s humans.","og_url":"https:\/\/fundacionlazaro.es\/ca\/lazaro-al-cami-de-sant-jaume-2023\/","og_site_name":"L\u00e1zaro Espa\u00f1a","article_published_time":"2023-08-22T14:13:19+00:00","article_modified_time":"2023-09-20T10:33:44+00:00","og_image":[{"width":2048,"height":1536,"url":"https:\/\/fundacionlazaro.es\/wp-content\/uploads\/sites\/7\/2023\/08\/WhatsApp-Image-2023-08-17-at-13.51.12.jpeg","type":"image\/jpeg"}],"author":"Bernab\u00e9 Villallba","twitter_card":"summary_large_image","twitter_misc":{"Escrit per":"Bernab\u00e9 Villallba","Temps estimat de lectura":"3 minuts"},"schema":{"@context":"https:\/\/schema.org","@graph":[{"@type":"Article","@id":"https:\/\/fundacionlazaro.es\/ca\/lazaro-al-cami-de-sant-jaume-2023\/#article","isPartOf":{"@id":"https:\/\/fundacionlazaro.es\/ca\/lazaro-al-cami-de-sant-jaume-2023\/"},"author":{"name":"Bernab\u00e9 Villallba","@id":"https:\/\/fundacionlazaro.es\/ca\/#\/schema\/person\/1a7f9025e95e78665d7def65add709ad"},"headline":"L\u00e1zaro al Cam\u00ed de Sant Jaume 2023","datePublished":"2023-08-22T14:13:19+00:00","dateModified":"2023-09-20T10:33:44+00:00","mainEntityOfPage":{"@id":"https:\/\/fundacionlazaro.es\/ca\/lazaro-al-cami-de-sant-jaume-2023\/"},"wordCount":624,"publisher":{"@id":"https:\/\/fundacionlazaro.es\/ca\/#organization"},"image":{"@id":"https:\/\/fundacionlazaro.es\/ca\/lazaro-al-cami-de-sant-jaume-2023\/#primaryimage"},"thumbnailUrl":"https:\/\/fundacionlazaro.es\/wp-content\/uploads\/sites\/7\/2023\/08\/WhatsApp-Image-2023-08-17-at-13.51.12.jpeg","articleSection":["Actualitat"],"inLanguage":"ca"},{"@type":"WebPage","@id":"https:\/\/fundacionlazaro.es\/ca\/lazaro-al-cami-de-sant-jaume-2023\/","url":"https:\/\/fundacionlazaro.es\/ca\/lazaro-al-cami-de-sant-jaume-2023\/","name":"L\u00e1zaro al Cam\u00ed de Sant Jaume 2023 - L\u00e1zaro Espa\u00f1a","isPartOf":{"@id":"https:\/\/fundacionlazaro.es\/ca\/#website"},"primaryImageOfPage":{"@id":"https:\/\/fundacionlazaro.es\/ca\/lazaro-al-cami-de-sant-jaume-2023\/#primaryimage"},"image":{"@id":"https:\/\/fundacionlazaro.es\/ca\/lazaro-al-cami-de-sant-jaume-2023\/#primaryimage"},"thumbnailUrl":"https:\/\/fundacionlazaro.es\/wp-content\/uploads\/sites\/7\/2023\/08\/WhatsApp-Image-2023-08-17-at-13.51.12.jpeg","datePublished":"2023-08-22T14:13:19+00:00","dateModified":"2023-09-20T10:33:44+00:00","description":"Un grup de trenta persones de diferents llocs i situacions partim de Lugo cap a Santiago de Compostel\u00b7la amb un objectiu en com\u00fa: compartir la vida, la hist\u00f2ria i les experi\u00e8ncies de cadasc\u00fa per aprendre a ser m\u00e9s humans.","breadcrumb":{"@id":"https:\/\/fundacionlazaro.es\/ca\/lazaro-al-cami-de-sant-jaume-2023\/#breadcrumb"},"inLanguage":"ca","potentialAction":[{"@type":"ReadAction","target":["https:\/\/fundacionlazaro.es\/ca\/lazaro-al-cami-de-sant-jaume-2023\/"]}]},{"@type":"ImageObject","inLanguage":"ca","@id":"https:\/\/fundacionlazaro.es\/ca\/lazaro-al-cami-de-sant-jaume-2023\/#primaryimage","url":"https:\/\/fundacionlazaro.es\/wp-content\/uploads\/sites\/7\/2023\/08\/WhatsApp-Image-2023-08-17-at-13.51.12.jpeg","contentUrl":"https:\/\/fundacionlazaro.es\/wp-content\/uploads\/sites\/7\/2023\/08\/WhatsApp-Image-2023-08-17-at-13.51.12.jpeg","width":2048,"height":1536},{"@type":"BreadcrumbList","@id":"https:\/\/fundacionlazaro.es\/ca\/lazaro-al-cami-de-sant-jaume-2023\/#breadcrumb","itemListElement":[{"@type":"ListItem","position":1,"name":"BIENVENIDA","item":"https:\/\/fundacionlazaro.es\/ca\/"},{"@type":"ListItem","position":2,"name":"L\u00e1zaro al Cam\u00ed de Sant Jaume 2023"}]},{"@type":"WebSite","@id":"https:\/\/fundacionlazaro.es\/ca\/#website","url":"https:\/\/fundacionlazaro.es\/ca\/","name":"L\u00e1zaro Espa\u00f1a","description":"Vivir juntos, tan simple como esto","publisher":{"@id":"https:\/\/fundacionlazaro.es\/ca\/#organization"},"potentialAction":[{"@type":"SearchAction","target":{"@type":"EntryPoint","urlTemplate":"https:\/\/fundacionlazaro.es\/ca\/?s={search_term_string}"},"query-input":{"@type":"PropertyValueSpecification","valueRequired":true,"valueName":"search_term_string"}}],"inLanguage":"ca"},{"@type":"Organization","@id":"https:\/\/fundacionlazaro.es\/ca\/#organization","name":"L\u00e1zaro Espa\u00f1a","url":"https:\/\/fundacionlazaro.es\/ca\/","logo":{"@type":"ImageObject","inLanguage":"ca","@id":"https:\/\/fundacionlazaro.es\/ca\/#\/schema\/logo\/image\/","url":"https:\/\/fundacionlazaro.es\/wp-content\/uploads\/sites\/7\/2022\/03\/lazaro-mexico-logo-white.svg","contentUrl":"https:\/\/fundacionlazaro.es\/wp-content\/uploads\/sites\/7\/2022\/03\/lazaro-mexico-logo-white.svg","width":1,"height":1,"caption":"L\u00e1zaro Espa\u00f1a"},"image":{"@id":"https:\/\/fundacionlazaro.es\/ca\/#\/schema\/logo\/image\/"}},{"@type":"Person","@id":"https:\/\/fundacionlazaro.es\/ca\/#\/schema\/person\/1a7f9025e95e78665d7def65add709ad","name":"Bernab\u00e9 Villallba","image":{"@type":"ImageObject","inLanguage":"ca","@id":"https:\/\/secure.gravatar.com\/avatar\/b1f8bc49b386ea38ddfcb04c2a6361b3096009b1323a8bf067c4698b3f57116d?s=96&d=mm&r=g","url":"https:\/\/secure.gravatar.com\/avatar\/b1f8bc49b386ea38ddfcb04c2a6361b3096009b1323a8bf067c4698b3f57116d?s=96&d=mm&r=g","contentUrl":"https:\/\/secure.gravatar.com\/avatar\/b1f8bc49b386ea38ddfcb04c2a6361b3096009b1323a8bf067c4698b3f57116d?s=96&d=mm&r=g","caption":"Bernab\u00e9 Villallba"},"url":"https:\/\/fundacionlazaro.es\/ca\/author\/bernabe\/"}]}},"_links":{"self":[{"href":"https:\/\/fundacionlazaro.es\/ca\/wp-json\/wp\/v2\/posts\/32544","targetHints":{"allow":["GET"]}}],"collection":[{"href":"https:\/\/fundacionlazaro.es\/ca\/wp-json\/wp\/v2\/posts"}],"about":[{"href":"https:\/\/fundacionlazaro.es\/ca\/wp-json\/wp\/v2\/types\/post"}],"author":[{"embeddable":true,"href":"https:\/\/fundacionlazaro.es\/ca\/wp-json\/wp\/v2\/users\/81"}],"replies":[{"embeddable":true,"href":"https:\/\/fundacionlazaro.es\/ca\/wp-json\/wp\/v2\/comments?post=32544"}],"version-history":[{"count":0,"href":"https:\/\/fundacionlazaro.es\/ca\/wp-json\/wp\/v2\/posts\/32544\/revisions"}],"wp:featuredmedia":[{"embeddable":true,"href":"https:\/\/fundacionlazaro.es\/ca\/wp-json\/wp\/v2\/media\/32483"}],"wp:attachment":[{"href":"https:\/\/fundacionlazaro.es\/ca\/wp-json\/wp\/v2\/media?parent=32544"}],"wp:term":[{"taxonomy":"category","embeddable":true,"href":"https:\/\/fundacionlazaro.es\/ca\/wp-json\/wp\/v2\/categories?post=32544"},{"taxonomy":"post_tag","embeddable":true,"href":"https:\/\/fundacionlazaro.es\/ca\/wp-json\/wp\/v2\/tags?post=32544"}],"curies":[{"name":"wp","href":"https:\/\/api.w.org\/{rel}","templated":true}]}}